{"id":652,"date":"2021-09-19T15:04:19","date_gmt":"2021-09-19T12:04:19","guid":{"rendered":"https:\/\/www.miniavm.com\/blog\/?p=652"},"modified":"2021-09-15T03:04:36","modified_gmt":"2021-09-15T00:04:36","slug":"sosyal-medyanin-onemi-artiyor","status":"publish","type":"post","link":"https:\/\/www.miniavm.com\/blog\/sosyal-medyanin-onemi-artiyor\/","title":{"rendered":"Sosyal Medya&#8217;n\u0131n \u00d6nemi Art\u0131yor"},"content":{"rendered":"<p>G\u00fcn\u00fcm\u00fczden yakla\u015f\u0131k 20 y\u0131l \u00f6ncesine kadar da internet ve bilgisayar bu g\u00fcnk\u00fc gibi hayat\u0131m\u0131za girmemi\u015fti. Teknolojideki geli\u015fmeler ile bili\u015fim teknolojileri de kendini g\u00f6stermi\u015ftir. Yuvarlak ekranl\u0131 bilgisayarlar yerini ince ekranl\u0131 ve geni\u015f kapasiteli bilgisayarlara b\u0131rakm\u0131\u015ft\u0131r. 2010 y\u0131l\u0131 ile beraber tablet bilgisayarlar da geli\u015fmesine paralel olarak hayat\u0131m\u0131zdaki yerini alm\u0131\u015ft\u0131r. Bu geli\u015fmeler \u0131\u015f\u0131\u011f\u0131nda internet kullan\u0131c\u0131lar\u0131n\u0131n say\u0131s\u0131 da y\u00fckselmi\u015ftir. 2020 y\u0131l\u0131 itibariyle T\u00fcrkiye\u2019de internet kullan\u0131c\u0131lar\u0131 say\u0131s\u0131 n\u00fcfusun \u00be\u2019\u00fcn\u00fc ge\u00e7mi\u015ftir. Hal b\u00f6yle olunca bu kullan\u0131c\u0131lar internette ge\u00e7irdikleri zaman\u0131n b\u00fcy\u00fck b\u00f6l\u00fcm\u00fcn\u00fc Chat, Mail, Facebook, <a href=\"https:\/\/www.miniavm.com\/hizmetlerimiz\/twitter\">Twitter<\/a> gibi sosyal medya platformlar\u0131nda ge\u00e7irmektedirler.<\/p>\n<p><strong>G\u00fcn\u00fcm\u00fczdeki Sosyal Medya Platformlar\u0131<\/strong><\/p>\n<p>\u0130nternet kullan\u0131m\u0131n\u0131n yayg\u0131nla\u015fmas\u0131yla birlikte insanlar maddi ihtiya\u00e7lar\u0131n\u0131n yan\u0131 s\u0131ra manevi ihtiya\u00e7lar\u0131n\u0131 da kar\u015f\u0131lama yoluna gitmi\u015ftir. Bu do\u011frultuda olu\u015fturulan sosyal medya hesaplar\u0131 geni\u015f kitlelere hitap etmi\u015f ve bu insanlar\u0131n bulu\u015fma noktas\u0131 olmu\u015ftur. Bu \u00e7er\u00e7evede olu\u015fturulan sosyal medya platformlar\u0131ndan \u00f6nemli olanlar\u0131 \u015funlard\u0131r: Facebook, Twitter, E Mail, Chat, Whatsapp, Telegram, Youtube, Google arama motoru ve bunun yan\u0131nda al\u0131\u015fveri\u015f siteleri.<\/p>\n<p><strong>Sosyal Medyan\u0131n \u00d6nemi<\/strong><\/p>\n<p>Yukar\u0131da da sayd\u0131\u011f\u0131m\u0131z gibi geni\u015f kitlelere ula\u015fabilen sosyal medya ile yap\u0131lan i\u015fler ve sosyal medyan\u0131n faydalar\u0131 saymak ile bitmez. \u00dclke genelinde ele al\u0131nd\u0131\u011f\u0131nda sosyal medya ile kamu d\u00fczenine idareciler taraf\u0131ndan y\u00f6n verilmektedir. G\u00fcndem maddeleri olu\u015fturulmaktad\u0131r. \u0130nsanlar\u0131n \u00e7ok sevdi\u011fi m\u00fczik insanlar\u0131 sosyal medya arac\u0131l\u0131\u011f\u0131yla takip edilmektedir. \u0130nsanlar hayran\u0131 oldu\u011fu sporcular\u0131, film y\u0131ld\u0131zlar\u0131n\u0131, aktristleri, devlet adamlar\u0131n\u0131, filmleri sosyal medya arac\u0131l\u0131\u011f\u0131yla takip etmektedir.<\/p>\n","protected":false},"excerpt":{"rendered":"<p>G\u00fcn\u00fcm\u00fczden yakla\u015f\u0131k 20 y\u0131l \u00f6ncesine kadar da internet ve bilgisayar bu g\u00fcnk\u00fc gibi hayat\u0131m\u0131za girmemi\u015fti. Teknolojideki geli\u015fmeler ile bili\u015fim teknolojileri de kendini g\u00f6stermi\u015ftir. Yuvarlak ekranl\u0131 bilgisayarlar yerini ince ekranl\u0131 ve&#8230; <\/p>\n","protected":false},"author":1,"featured_media":653,"comment_status":"open","ping_status":"open","sticky":false,"template":"","format":"standard","meta":{"footnotes":""},"categories":[100,15],"tags":[],"class_list":["post-652","post","type-post","status-publish","format-standard","has-post-thumbnail","hentry","category-haberler","category-sosyal-medya"],"aioseo_notices":[],"_links":{"self":[{"href":"https:\/\/www.miniavm.com\/blog\/wp-json\/wp\/v2\/posts\/652","targetHints":{"allow":["GET"]}}],"collection":[{"href":"https:\/\/www.miniavm.com\/blog\/wp-json\/wp\/v2\/posts"}],"about":[{"href":"https:\/\/www.miniavm.com\/blog\/wp-json\/wp\/v2\/types\/post"}],"author":[{"embeddable":true,"href":"https:\/\/www.miniavm.com\/blog\/wp-json\/wp\/v2\/users\/1"}],"replies":[{"embeddable":true,"href":"https:\/\/www.miniavm.com\/blog\/wp-json\/wp\/v2\/comments?post=652"}],"version-history":[{"count":1,"href":"https:\/\/www.miniavm.com\/blog\/wp-json\/wp\/v2\/posts\/652\/revisions"}],"predecessor-version":[{"id":654,"href":"https:\/\/www.miniavm.com\/blog\/wp-json\/wp\/v2\/posts\/652\/revisions\/654"}],"wp:featuredmedia":[{"embeddable":true,"href":"https:\/\/www.miniavm.com\/blog\/wp-json\/wp\/v2\/media\/653"}],"wp:attachment":[{"href":"https:\/\/www.miniavm.com\/blog\/wp-json\/wp\/v2\/media?parent=652"}],"wp:term":[{"taxonomy":"category","embeddable":true,"href":"https:\/\/www.miniavm.com\/blog\/wp-json\/wp\/v2\/categories?post=652"},{"taxonomy":"post_tag","embeddable":true,"href":"https:\/\/www.miniavm.com\/blog\/wp-json\/wp\/v2\/tags?post=652"}],"curies":[{"name":"wp","href":"https:\/\/api.w.org\/{rel}","templated":true}]}}